{"id":5044,"date":"2015-09-07T15:57:11","date_gmt":"2015-09-07T13:57:11","guid":{"rendered":"https:\/\/cinelefoyer.fr\/?p=5044"},"modified":"2025-08-24T15:57:26","modified_gmt":"2025-08-24T13:57:26","slug":"la-voix-du-nord-7-septembre-2015","status":"publish","type":"post","link":"https:\/\/cinelefoyer.fr\/index.php\/2015\/09\/07\/la-voix-du-nord-7-septembre-2015\/","title":{"rendered":"La Voix du Nord &#8211; 7 septembre 2015"},"content":{"rendered":"<h1>Le cin\u00e9ma bient\u00f4t en travaux, pour plus de s\u00e9curit\u00e9 et d&rsquo;accessibilit\u00e9<\/h1>\n<p>D&rsquo;ici la fin de l&rsquo;ann\u00e9e des travaux de mise en s\u00e9curit\u00e9, avec une nouvelle issue de secours, et d&rsquo;accessibilit\u00e9 seront r\u00e9alis\u00e9s au cin\u00e9ma Le Foyer. La ville n&rsquo;a pas pr\u00e9vu de fermer la salle pendant ces am\u00e9nagements.<\/p>\n<p><img decoding=\"async\" loading=\"lazy\" class=\"alignnone size-full wp-image-5045\" src=\"https:\/\/cinelefoyer.fr\/wp-content\/uploads\/2025\/08\/voix-du-nord-20150907.png\" alt=\"\" width=\"1746\" height=\"1227\" srcset=\"https:\/\/cinelefoyer.fr\/wp-content\/uploads\/2025\/08\/voix-du-nord-20150907.png 1746w, https:\/\/cinelefoyer.fr\/wp-content\/uploads\/2025\/08\/voix-du-nord-20150907-300x211.png 300w, https:\/\/cinelefoyer.fr\/wp-content\/uploads\/2025\/08\/voix-du-nord-20150907-1024x720.png 1024w, https:\/\/cinelefoyer.fr\/wp-content\/uploads\/2025\/08\/voix-du-nord-20150907-768x540.png 768w, https:\/\/cinelefoyer.fr\/wp-content\/uploads\/2025\/08\/voix-du-nord-20150907-1536x1079.png 1536w, https:\/\/cinelefoyer.fr\/wp-content\/uploads\/2025\/08\/voix-du-nord-20150907-120x85.png 120w, https:\/\/cinelefoyer.fr\/wp-content\/uploads\/2025\/08\/voix-du-nord-20150907-1320x928.png 1320w\" sizes=\"(max-width: 1746px) 100vw, 1746px\" \/><\/p>\n","protected":false},"excerpt":{"rendered":"<p>Le cin\u00e9ma bient\u00f4t en travaux, pour plus de s\u00e9curit\u00e9 et d&rsquo;accessibilit\u00e9 D&rsquo;ici la fin de l&rsquo;ann\u00e9e des travaux de mise en s\u00e9curit\u00e9, avec une nouvelle &hellip; <\/p>\n","protected":false},"author":2,"featured_media":5046,"comment_status":"closed","ping_status":"open","sticky":false,"template":"","format":"standard","meta":{"_mi_skip_tracking":false,"_exactmetrics_sitenote_active":false,"_exactmetrics_sitenote_note":"","_exactmetrics_sitenote_category":0,"footnotes":""},"categories":[13929],"tags":[],"_links":{"self":[{"href":"https:\/\/cinelefoyer.fr\/index.php\/wp-json\/wp\/v2\/posts\/5044"}],"collection":[{"href":"https:\/\/cinelefoyer.fr\/index.php\/wp-json\/wp\/v2\/posts"}],"about":[{"href":"https:\/\/cinelefoyer.fr\/index.php\/wp-json\/wp\/v2\/types\/post"}],"author":[{"embeddable":true,"href":"https:\/\/cinelefoyer.fr\/index.php\/wp-json\/wp\/v2\/users\/2"}],"replies":[{"embeddable":true,"href":"https:\/\/cinelefoyer.fr\/index.php\/wp-json\/wp\/v2\/comments?post=5044"}],"version-history":[{"count":1,"href":"https:\/\/cinelefoyer.fr\/index.php\/wp-json\/wp\/v2\/posts\/5044\/revisions"}],"predecessor-version":[{"id":5047,"href":"https:\/\/cinelefoyer.fr\/index.php\/wp-json\/wp\/v2\/posts\/5044\/revisions\/5047"}],"wp:featuredmedia":[{"embeddable":true,"href":"https:\/\/cinelefoyer.fr\/index.php\/wp-json\/wp\/v2\/media\/5046"}],"wp:attachment":[{"href":"https:\/\/cinelefoyer.fr\/index.php\/wp-json\/wp\/v2\/media?parent=5044"}],"wp:term":[{"taxonomy":"category","embeddable":true,"href":"https:\/\/cinelefoyer.fr\/index.php\/wp-json\/wp\/v2\/categories?post=5044"},{"taxonomy":"post_tag","embeddable":true,"href":"https:\/\/cinelefoyer.fr\/index.php\/wp-json\/wp\/v2\/tags?post=5044"}],"curies":[{"name":"wp","href":"https:\/\/api.w.org\/{rel}","templated":true}]}}