{"id":5038,"date":"2001-06-23T14:41:43","date_gmt":"2001-06-23T12:41:43","guid":{"rendered":"https:\/\/cinelefoyer.fr\/?p=5038"},"modified":"2025-08-23T14:42:10","modified_gmt":"2025-08-23T12:42:10","slug":"la-voix-du-nord-juin-2001","status":"publish","type":"post","link":"https:\/\/cinelefoyer.fr\/index.php\/2001\/06\/23\/la-voix-du-nord-juin-2001\/","title":{"rendered":"La Voix du nord &#8211; juin 2001"},"content":{"rendered":"<h1>Bousbecque : le \u00ab\u00a0cinoche\u00a0\u00bb des b\u00e9n\u00e9voles<\/h1>\n<p>Dans cette commune frontali\u00e8re pr\u00e8s de Tourcoing, la F\u00eate du cin\u00e9ma est d&rsquo;abord celle des cinquante b\u00e9n\u00e9voles qui ont transform\u00e9 l&rsquo;ex-salle paroissiale en cin\u00e9ma d&rsquo;art et essai.<\/p>\n<p><img decoding=\"async\" loading=\"lazy\" class=\"alignnone size-full wp-image-5040\" src=\"https:\/\/cinelefoyer.fr\/wp-content\/uploads\/2025\/08\/voix-du-nord-2001.jpg\" alt=\"\" width=\"1614\" height=\"1673\" srcset=\"https:\/\/cinelefoyer.fr\/wp-content\/uploads\/2025\/08\/voix-du-nord-2001.jpg 1614w, https:\/\/cinelefoyer.fr\/wp-content\/uploads\/2025\/08\/voix-du-nord-2001-289x300.jpg 289w, https:\/\/cinelefoyer.fr\/wp-content\/uploads\/2025\/08\/voix-du-nord-2001-988x1024.jpg 988w, https:\/\/cinelefoyer.fr\/wp-content\/uploads\/2025\/08\/voix-du-nord-2001-768x796.jpg 768w, https:\/\/cinelefoyer.fr\/wp-content\/uploads\/2025\/08\/voix-du-nord-2001-1482x1536.jpg 1482w, https:\/\/cinelefoyer.fr\/wp-content\/uploads\/2025\/08\/voix-du-nord-2001-1320x1368.jpg 1320w\" sizes=\"(max-width: 1614px) 100vw, 1614px\" \/><\/p>\n","protected":false},"excerpt":{"rendered":"<p>Bousbecque : le \u00ab\u00a0cinoche\u00a0\u00bb des b\u00e9n\u00e9voles Dans cette commune frontali\u00e8re pr\u00e8s de Tourcoing, la F\u00eate du cin\u00e9ma est d&rsquo;abord celle des cinquante b\u00e9n\u00e9voles qui ont &hellip; <\/p>\n","protected":false},"author":2,"featured_media":5039,"comment_status":"closed","ping_status":"open","sticky":false,"template":"","format":"standard","meta":{"_mi_skip_tracking":false,"_exactmetrics_sitenote_active":false,"_exactmetrics_sitenote_note":"","_exactmetrics_sitenote_category":0,"footnotes":""},"categories":[13929],"tags":[],"_links":{"self":[{"href":"https:\/\/cinelefoyer.fr\/index.php\/wp-json\/wp\/v2\/posts\/5038"}],"collection":[{"href":"https:\/\/cinelefoyer.fr\/index.php\/wp-json\/wp\/v2\/posts"}],"about":[{"href":"https:\/\/cinelefoyer.fr\/index.php\/wp-json\/wp\/v2\/types\/post"}],"author":[{"embeddable":true,"href":"https:\/\/cinelefoyer.fr\/index.php\/wp-json\/wp\/v2\/users\/2"}],"replies":[{"embeddable":true,"href":"https:\/\/cinelefoyer.fr\/index.php\/wp-json\/wp\/v2\/comments?post=5038"}],"version-history":[{"count":1,"href":"https:\/\/cinelefoyer.fr\/index.php\/wp-json\/wp\/v2\/posts\/5038\/revisions"}],"predecessor-version":[{"id":5041,"href":"https:\/\/cinelefoyer.fr\/index.php\/wp-json\/wp\/v2\/posts\/5038\/revisions\/5041"}],"wp:featuredmedia":[{"embeddable":true,"href":"https:\/\/cinelefoyer.fr\/index.php\/wp-json\/wp\/v2\/media\/5039"}],"wp:attachment":[{"href":"https:\/\/cinelefoyer.fr\/index.php\/wp-json\/wp\/v2\/media?parent=5038"}],"wp:term":[{"taxonomy":"category","embeddable":true,"href":"https:\/\/cinelefoyer.fr\/index.php\/wp-json\/wp\/v2\/categories?post=5038"},{"taxonomy":"post_tag","embeddable":true,"href":"https:\/\/cinelefoyer.fr\/index.php\/wp-json\/wp\/v2\/tags?post=5038"}],"curies":[{"name":"wp","href":"https:\/\/api.w.org\/{rel}","templated":true}]}}