{"id":5035,"date":"2020-06-22T14:32:15","date_gmt":"2020-06-22T12:32:15","guid":{"rendered":"https:\/\/cinelefoyer.fr\/?p=5035"},"modified":"2025-08-23T14:32:27","modified_gmt":"2025-08-23T12:32:27","slug":"france-3-hauts-de-france-22-juin-2020","status":"publish","type":"post","link":"https:\/\/cinelefoyer.fr\/index.php\/2020\/06\/22\/france-3-hauts-de-france-22-juin-2020\/","title":{"rendered":"France 3 Hauts-de-France &#8211; 22 juin 2020"},"content":{"rendered":"<div id=\"title\" class=\"style-scope ytd-watch-metadata\">\n<h1 class=\"style-scope ytd-watch-metadata\">Cin\u00e9ma d\u00e9confin\u00e9 : portrait d&rsquo;un g\u00e9rant de petit cin\u00e9ma \u00e0 Bousbecque<\/h1>\n<\/div>\n<div id=\"top-row\" class=\"style-scope ytd-watch-metadata\">\n<div id=\"owner\" class=\"item style-scope ytd-watch-metadata\">Apr\u00e8s 3 mois d&rsquo;arr\u00eat, la grande majorit\u00e9 des 2000 cin\u00e9mas de France va \u00e0 nouveau proposer des s\u00e9ances, avec une capacit\u00e9 r\u00e9duite \u00e0 la moiti\u00e9 des places. Les mastodontes comme les petits exploitants se pr\u00e9parent \u00e0 cette r\u00e9ouverture tant attendue. Exemple \u00e0 Bousbecque, au cin\u00e9ma associatif Le Foyer , une salle qui existe depuis 83 ans&#8230; Un reportage de Laura L\u00e9vy, S\u00e9bastien Gurak, Marie-Elisabeth Masson<\/div>\n<\/div>\n<div><\/div>\n<div>https:\/\/www.youtube.com\/watch?v=9NacJhSozwA<\/div>\n<div><\/div>\n<div>\n<div class=\"fitvids-video\"><iframe loading=\"lazy\" title=\"Cin\u00e9ma d\u00e9confin\u00e9 : portrait d&#039;un g\u00e9rant de petit cin\u00e9ma \u00e0 Bousbecque\" width=\"1200\" height=\"675\" src=\"https:\/\/www.youtube.com\/embed\/9NacJhSozwA?feature=oembed\" frameborder=\"0\" allow=\"accelerometer; autoplay; clipboard-write; encrypted-media; gyroscope; picture-in-picture; web-share\" referrerpolicy=\"strict-origin-when-cross-origin\" allowfullscreen><\/iframe><\/div>\n<\/div>\n","protected":false},"excerpt":{"rendered":"<p>Cin\u00e9ma d\u00e9confin\u00e9 : portrait d&rsquo;un g\u00e9rant de petit cin\u00e9ma \u00e0 Bousbecque Apr\u00e8s 3 mois d&rsquo;arr\u00eat, la grande majorit\u00e9 des 2000 cin\u00e9mas de France va \u00e0 &hellip; <\/p>\n","protected":false},"author":2,"featured_media":5036,"comment_status":"closed","ping_status":"open","sticky":false,"template":"","format":"standard","meta":{"_mi_skip_tracking":false,"_exactmetrics_sitenote_active":false,"_exactmetrics_sitenote_note":"","_exactmetrics_sitenote_category":0,"footnotes":""},"categories":[13929],"tags":[],"_links":{"self":[{"href":"https:\/\/cinelefoyer.fr\/index.php\/wp-json\/wp\/v2\/posts\/5035"}],"collection":[{"href":"https:\/\/cinelefoyer.fr\/index.php\/wp-json\/wp\/v2\/posts"}],"about":[{"href":"https:\/\/cinelefoyer.fr\/index.php\/wp-json\/wp\/v2\/types\/post"}],"author":[{"embeddable":true,"href":"https:\/\/cinelefoyer.fr\/index.php\/wp-json\/wp\/v2\/users\/2"}],"replies":[{"embeddable":true,"href":"https:\/\/cinelefoyer.fr\/index.php\/wp-json\/wp\/v2\/comments?post=5035"}],"version-history":[{"count":1,"href":"https:\/\/cinelefoyer.fr\/index.php\/wp-json\/wp\/v2\/posts\/5035\/revisions"}],"predecessor-version":[{"id":5037,"href":"https:\/\/cinelefoyer.fr\/index.php\/wp-json\/wp\/v2\/posts\/5035\/revisions\/5037"}],"wp:featuredmedia":[{"embeddable":true,"href":"https:\/\/cinelefoyer.fr\/index.php\/wp-json\/wp\/v2\/media\/5036"}],"wp:attachment":[{"href":"https:\/\/cinelefoyer.fr\/index.php\/wp-json\/wp\/v2\/media?parent=5035"}],"wp:term":[{"taxonomy":"category","embeddable":true,"href":"https:\/\/cinelefoyer.fr\/index.php\/wp-json\/wp\/v2\/categories?post=5035"},{"taxonomy":"post_tag","embeddable":true,"href":"https:\/\/cinelefoyer.fr\/index.php\/wp-json\/wp\/v2\/tags?post=5035"}],"curies":[{"name":"wp","href":"https:\/\/api.w.org\/{rel}","templated":true}]}}