{"id":5028,"date":"2019-10-17T14:12:07","date_gmt":"2019-10-17T12:12:07","guid":{"rendered":"https:\/\/cinelefoyer.fr\/?p=5028"},"modified":"2025-08-23T14:14:54","modified_gmt":"2025-08-23T12:14:54","slug":"la-croix-17-octobre-2019","status":"publish","type":"post","link":"https:\/\/cinelefoyer.fr\/index.php\/2019\/10\/17\/la-croix-17-octobre-2019\/","title":{"rendered":"La croix &#8211; 17 octobre 2019"},"content":{"rendered":"<h1 class=\"article-title\">Au \u00ab\u2009Foyer\u2009\u00bb, les b\u00e9n\u00e9voles font vraiment leur cin\u00e9ma<\/h1>\n<p>Hier paroissial, aujourd\u2019hui cin\u00e9ma d\u2019art et essai, \u00ab\u00a0Le Foyer\u00a0\u00bb existe depuis 1937 \u00e0 Bousbecque (Nord). Une trentaine de b\u00e9n\u00e9voles passionn\u00e9s g\u00e8rent ce cin\u00e9ma dont l\u2019histoire ferait un tr\u00e8s bon sc\u00e9nario.<\/p>\n<p><a href=\"https:\/\/www.la-croix.com\/Culture\/Cinema\/Au-Foyer-benevoles-font-vraiment-leur-cinema-2019-10-17-1201054955\"><span style=\"font-size: 1.125rem;\">https:\/\/www.la-croix.com\/Culture\/Cinema\/Au-Foyer-benevoles-font-vraiment-leur-cinema-2019-10-17-1201054955<\/span><\/a><\/p>\n","protected":false},"excerpt":{"rendered":"<p>Au \u00ab\u2009Foyer\u2009\u00bb, les b\u00e9n\u00e9voles font vraiment leur cin\u00e9ma Hier paroissial, aujourd\u2019hui cin\u00e9ma d\u2019art et essai, \u00ab\u00a0Le Foyer\u00a0\u00bb existe depuis 1937 \u00e0 Bousbecque (Nord). Une trentaine &hellip; <\/p>\n","protected":false},"author":2,"featured_media":5029,"comment_status":"closed","ping_status":"open","sticky":false,"template":"","format":"standard","meta":{"_mi_skip_tracking":false,"_exactmetrics_sitenote_active":false,"_exactmetrics_sitenote_note":"","_exactmetrics_sitenote_category":0,"footnotes":""},"categories":[13929],"tags":[],"_links":{"self":[{"href":"https:\/\/cinelefoyer.fr\/index.php\/wp-json\/wp\/v2\/posts\/5028"}],"collection":[{"href":"https:\/\/cinelefoyer.fr\/index.php\/wp-json\/wp\/v2\/posts"}],"about":[{"href":"https:\/\/cinelefoyer.fr\/index.php\/wp-json\/wp\/v2\/types\/post"}],"author":[{"embeddable":true,"href":"https:\/\/cinelefoyer.fr\/index.php\/wp-json\/wp\/v2\/users\/2"}],"replies":[{"embeddable":true,"href":"https:\/\/cinelefoyer.fr\/index.php\/wp-json\/wp\/v2\/comments?post=5028"}],"version-history":[{"count":1,"href":"https:\/\/cinelefoyer.fr\/index.php\/wp-json\/wp\/v2\/posts\/5028\/revisions"}],"predecessor-version":[{"id":5030,"href":"https:\/\/cinelefoyer.fr\/index.php\/wp-json\/wp\/v2\/posts\/5028\/revisions\/5030"}],"wp:featuredmedia":[{"embeddable":true,"href":"https:\/\/cinelefoyer.fr\/index.php\/wp-json\/wp\/v2\/media\/5029"}],"wp:attachment":[{"href":"https:\/\/cinelefoyer.fr\/index.php\/wp-json\/wp\/v2\/media?parent=5028"}],"wp:term":[{"taxonomy":"category","embeddable":true,"href":"https:\/\/cinelefoyer.fr\/index.php\/wp-json\/wp\/v2\/categories?post=5028"},{"taxonomy":"post_tag","embeddable":true,"href":"https:\/\/cinelefoyer.fr\/index.php\/wp-json\/wp\/v2\/tags?post=5028"}],"curies":[{"name":"wp","href":"https:\/\/api.w.org\/{rel}","templated":true}]}}