{"id":5025,"date":"2020-06-22T14:10:27","date_gmt":"2020-06-22T12:10:27","guid":{"rendered":"https:\/\/cinelefoyer.fr\/?p=5025"},"modified":"2025-08-23T14:14:38","modified_gmt":"2025-08-23T12:14:38","slug":"france-3-region-hauts-de-france-22-juin-2020","status":"publish","type":"post","link":"https:\/\/cinelefoyer.fr\/index.php\/2020\/06\/22\/france-3-region-hauts-de-france-22-juin-2020\/","title":{"rendered":"France 3 r\u00e9gion Hauts de France &#8211; 22 juin 2020"},"content":{"rendered":"<h1 class=\"headArticle__title\">D\u00e9confinement : \u00e0 Bousbecque, le Foyer s&rsquo;appr\u00eate \u00e0 rouvrir, comme tous les petits cin\u00e9mas<\/h1>\n<p>Apr\u00e8s trois mois d&rsquo;arr\u00eat, les cin\u00e9mas vont \u00e0 nouveau proposer des s\u00e9ances avec une capacit\u00e9 r\u00e9duite \u00e0 une place sur deux. Les mastodontes comme les petits exploitants se pr\u00e9parent \u00e0 cette r\u00e9ouverture. Exemple \u00e0 Bousbecque, au cin\u00e9ma associatif Le Foyer, une salle qui existe depuis 83 ans.<\/p>\n<p><a href=\"https:\/\/france3-regions.francetvinfo.fr\/hauts-de-france\/nord-0\/lille\/deconfinement-bousbecque-foyer-s-apprete-rouvrir-tous-petits-cinemas-1844628.html\">https:\/\/france3-regions.francetvinfo.fr\/hauts-de-france\/nord-0\/lille\/deconfinement-bousbecque-foyer-s-apprete-rouvrir-tous-petits-cinemas-1844628.html<\/a><\/p>\n","protected":false},"excerpt":{"rendered":"<p>D\u00e9confinement : \u00e0 Bousbecque, le Foyer s&rsquo;appr\u00eate \u00e0 rouvrir, comme tous les petits cin\u00e9mas Apr\u00e8s trois mois d&rsquo;arr\u00eat, les cin\u00e9mas vont \u00e0 nouveau proposer des &hellip; <\/p>\n","protected":false},"author":2,"featured_media":5026,"comment_status":"closed","ping_status":"open","sticky":false,"template":"","format":"standard","meta":{"_mi_skip_tracking":false,"_exactmetrics_sitenote_active":false,"_exactmetrics_sitenote_note":"","_exactmetrics_sitenote_category":0,"footnotes":""},"categories":[13929],"tags":[],"_links":{"self":[{"href":"https:\/\/cinelefoyer.fr\/index.php\/wp-json\/wp\/v2\/posts\/5025"}],"collection":[{"href":"https:\/\/cinelefoyer.fr\/index.php\/wp-json\/wp\/v2\/posts"}],"about":[{"href":"https:\/\/cinelefoyer.fr\/index.php\/wp-json\/wp\/v2\/types\/post"}],"author":[{"embeddable":true,"href":"https:\/\/cinelefoyer.fr\/index.php\/wp-json\/wp\/v2\/users\/2"}],"replies":[{"embeddable":true,"href":"https:\/\/cinelefoyer.fr\/index.php\/wp-json\/wp\/v2\/comments?post=5025"}],"version-history":[{"count":1,"href":"https:\/\/cinelefoyer.fr\/index.php\/wp-json\/wp\/v2\/posts\/5025\/revisions"}],"predecessor-version":[{"id":5027,"href":"https:\/\/cinelefoyer.fr\/index.php\/wp-json\/wp\/v2\/posts\/5025\/revisions\/5027"}],"wp:featuredmedia":[{"embeddable":true,"href":"https:\/\/cinelefoyer.fr\/index.php\/wp-json\/wp\/v2\/media\/5026"}],"wp:attachment":[{"href":"https:\/\/cinelefoyer.fr\/index.php\/wp-json\/wp\/v2\/media?parent=5025"}],"wp:term":[{"taxonomy":"category","embeddable":true,"href":"https:\/\/cinelefoyer.fr\/index.php\/wp-json\/wp\/v2\/categories?post=5025"},{"taxonomy":"post_tag","embeddable":true,"href":"https:\/\/cinelefoyer.fr\/index.php\/wp-json\/wp\/v2\/tags?post=5025"}],"curies":[{"name":"wp","href":"https:\/\/api.w.org\/{rel}","templated":true}]}}