{"id":5022,"date":"2020-06-25T14:08:52","date_gmt":"2020-06-25T12:08:52","guid":{"rendered":"https:\/\/cinelefoyer.fr\/?p=5022"},"modified":"2025-08-23T14:14:30","modified_gmt":"2025-08-23T12:14:30","slug":"la-voix-du-nord-25-juin-2020","status":"publish","type":"post","link":"https:\/\/cinelefoyer.fr\/index.php\/2020\/06\/25\/la-voix-du-nord-25-juin-2020\/","title":{"rendered":"La Voix du Nord &#8211; 25 juin 2020"},"content":{"rendered":"<h1 class=\"\">Fifi Caron, un \u00ab allum\u00e9 r\u00e9aliste \u00bb heureux de rouvrir le cin\u00e9ma Le foyer \u00e0 Bousbecque<\/h1>\n<p>Ils sont heureux de retrouver leur public. Philippe Caron, ou Fifi Caron, et son \u00e9pouse Chantal, attendaient avec impatience de pouvoir rouvrir le cin\u00e9ma associatif Le Foyer. Premi\u00e8re s\u00e9ance ce vendredi soir. Rencontre.<\/p>\n<p><a href=\"https:\/\/www.lavoixdunord.fr\/769639\/article\/2020-06-25\/fifi-caron-un-allume-realiste-heureux-de-rouvrir-le-cinema-le-foyer-bousbecque\">https:\/\/www.lavoixdunord.fr\/769639\/article\/2020-06-25\/fifi-caron-un-allume-realiste-heureux-de-rouvrir-le-cinema-le-foyer-bousbecque<\/a><\/p>\n","protected":false},"excerpt":{"rendered":"<p>Fifi Caron, un \u00ab allum\u00e9 r\u00e9aliste \u00bb heureux de rouvrir le cin\u00e9ma Le foyer \u00e0 Bousbecque Ils sont heureux de retrouver leur public. Philippe Caron, &hellip; <\/p>\n","protected":false},"author":2,"featured_media":5023,"comment_status":"closed","ping_status":"open","sticky":false,"template":"","format":"standard","meta":{"_mi_skip_tracking":false,"_exactmetrics_sitenote_active":false,"_exactmetrics_sitenote_note":"","_exactmetrics_sitenote_category":0,"footnotes":""},"categories":[13929],"tags":[],"_links":{"self":[{"href":"https:\/\/cinelefoyer.fr\/index.php\/wp-json\/wp\/v2\/posts\/5022"}],"collection":[{"href":"https:\/\/cinelefoyer.fr\/index.php\/wp-json\/wp\/v2\/posts"}],"about":[{"href":"https:\/\/cinelefoyer.fr\/index.php\/wp-json\/wp\/v2\/types\/post"}],"author":[{"embeddable":true,"href":"https:\/\/cinelefoyer.fr\/index.php\/wp-json\/wp\/v2\/users\/2"}],"replies":[{"embeddable":true,"href":"https:\/\/cinelefoyer.fr\/index.php\/wp-json\/wp\/v2\/comments?post=5022"}],"version-history":[{"count":1,"href":"https:\/\/cinelefoyer.fr\/index.php\/wp-json\/wp\/v2\/posts\/5022\/revisions"}],"predecessor-version":[{"id":5024,"href":"https:\/\/cinelefoyer.fr\/index.php\/wp-json\/wp\/v2\/posts\/5022\/revisions\/5024"}],"wp:featuredmedia":[{"embeddable":true,"href":"https:\/\/cinelefoyer.fr\/index.php\/wp-json\/wp\/v2\/media\/5023"}],"wp:attachment":[{"href":"https:\/\/cinelefoyer.fr\/index.php\/wp-json\/wp\/v2\/media?parent=5022"}],"wp:term":[{"taxonomy":"category","embeddable":true,"href":"https:\/\/cinelefoyer.fr\/index.php\/wp-json\/wp\/v2\/categories?post=5022"},{"taxonomy":"post_tag","embeddable":true,"href":"https:\/\/cinelefoyer.fr\/index.php\/wp-json\/wp\/v2\/tags?post=5022"}],"curies":[{"name":"wp","href":"https:\/\/api.w.org\/{rel}","templated":true}]}}