{"id":5009,"date":"2024-01-08T14:00:13","date_gmt":"2024-01-08T13:00:13","guid":{"rendered":"https:\/\/cinelefoyer.fr\/?p=5009"},"modified":"2025-08-23T14:14:19","modified_gmt":"2025-08-23T12:14:19","slug":"la-voix-du-nord-8-janvier-2024","status":"publish","type":"post","link":"https:\/\/cinelefoyer.fr\/index.php\/2024\/01\/08\/la-voix-du-nord-8-janvier-2024\/","title":{"rendered":"La Voix du Nord &#8211; 8 janvier 2024"},"content":{"rendered":"<h1 class=\"\">\u00ab\u00a0Rien \u00e0 perdre\u00a0\u00bb, avec \u00e0 l\u2019affiche Virginie Efira et un jeune Wervicquois, projet\u00e9 ce week-end au Foyer, \u00e0 Bousbecque<\/h1>\n<p>\u00ab\u00a0Rien \u00e0 perdre\u00a0\u00bb, un long-m\u00e9trage avec Virginie Efira et Alexis Tonetti, un jeune Wervicquois, sera projet\u00e9 ce week-end au cin\u00e9ma le Foyer, \u00e0 Bousbecque.<\/p>\n<p><a href=\"https:\/\/www.lavoixdunord.fr\/1416411\/article\/2024-01-08\/rien-perdre-avec-l-affiche-virginie-efira-et-un-jeune-wervicquois-projete-ce\">https:\/\/www.lavoixdunord.fr\/1416411\/article\/2024-01-08\/rien-perdre-avec-l-affiche-virginie-efira-et-un-jeune-wervicquois-projete-ce<\/a><\/p>\n","protected":false},"excerpt":{"rendered":"<p>\u00ab\u00a0Rien \u00e0 perdre\u00a0\u00bb, avec \u00e0 l\u2019affiche Virginie Efira et un jeune Wervicquois, projet\u00e9 ce week-end au Foyer, \u00e0 Bousbecque \u00ab\u00a0Rien \u00e0 perdre\u00a0\u00bb, un long-m\u00e9trage avec &hellip; <\/p>\n","protected":false},"author":2,"featured_media":5010,"comment_status":"closed","ping_status":"open","sticky":false,"template":"","format":"standard","meta":{"_mi_skip_tracking":false,"_exactmetrics_sitenote_active":false,"_exactmetrics_sitenote_note":"","_exactmetrics_sitenote_category":0,"footnotes":""},"categories":[13929],"tags":[],"_links":{"self":[{"href":"https:\/\/cinelefoyer.fr\/index.php\/wp-json\/wp\/v2\/posts\/5009"}],"collection":[{"href":"https:\/\/cinelefoyer.fr\/index.php\/wp-json\/wp\/v2\/posts"}],"about":[{"href":"https:\/\/cinelefoyer.fr\/index.php\/wp-json\/wp\/v2\/types\/post"}],"author":[{"embeddable":true,"href":"https:\/\/cinelefoyer.fr\/index.php\/wp-json\/wp\/v2\/users\/2"}],"replies":[{"embeddable":true,"href":"https:\/\/cinelefoyer.fr\/index.php\/wp-json\/wp\/v2\/comments?post=5009"}],"version-history":[{"count":5,"href":"https:\/\/cinelefoyer.fr\/index.php\/wp-json\/wp\/v2\/posts\/5009\/revisions"}],"predecessor-version":[{"id":5021,"href":"https:\/\/cinelefoyer.fr\/index.php\/wp-json\/wp\/v2\/posts\/5009\/revisions\/5021"}],"wp:featuredmedia":[{"embeddable":true,"href":"https:\/\/cinelefoyer.fr\/index.php\/wp-json\/wp\/v2\/media\/5010"}],"wp:attachment":[{"href":"https:\/\/cinelefoyer.fr\/index.php\/wp-json\/wp\/v2\/media?parent=5009"}],"wp:term":[{"taxonomy":"category","embeddable":true,"href":"https:\/\/cinelefoyer.fr\/index.php\/wp-json\/wp\/v2\/categories?post=5009"},{"taxonomy":"post_tag","embeddable":true,"href":"https:\/\/cinelefoyer.fr\/index.php\/wp-json\/wp\/v2\/tags?post=5009"}],"curies":[{"name":"wp","href":"https:\/\/api.w.org\/{rel}","templated":true}]}}